{"id":1816,"date":"2018-08-13T12:23:31","date_gmt":"2018-08-13T11:23:31","guid":{"rendered":"http:\/\/blogs.bellvitgehospital.cat\/aulaela\/?p=1816"},"modified":"2019-01-30T14:04:00","modified_gmt":"2019-01-30T13:04:00","slug":"recomendaciones-de-verano-libros-musica-y-cine","status":"publish","type":"post","link":"http:\/\/blogs.bellvitgehospital.cat\/aulaela\/recomendaciones-de-verano-libros-musica-y-cine\/","title":{"rendered":"Recomendaciones de verano: libros, m\u00fasica y cine"},"content":{"rendered":"<p>Dicen que el escritor Henry James quiz\u00e1s escribi\u00f3 un d\u00eda la siguiente frase:<em> Tarde de verano, para m\u00ed estas han sido siempre las dos palabras<\/em> (en realidad son tres) <em>m\u00e1s bellas en mi lengua.<\/em> No cuesta nada compartir esta m\u00e1xima y con la ayuda de algunas de las enfermeras de la Unidad Funcional de Motoneurona del Hospital de Bellvitge queremos desearte el mejor verano proponi\u00e9ndote algunos libros, algunas canciones y algunas pel\u00edculas que te pueden ayudar a hacer realidad el aforismo de James.<\/p>\n<p><strong>Sandra P\u00e9rez<\/strong><\/p>\n<p><img loading=\"lazy\" class=\"aligncenter size-medium wp-image-1812\" src=\"http:\/\/blogs.bellvitgehospital.cat\/aulaela\/wp-content\/uploads\/sites\/2\/2018\/08\/Recomanacions-estiu-bloc-aula-ELA_180724_10-300x200.jpg\" alt=\"\" width=\"300\" height=\"200\" srcset=\"http:\/\/blogs.bellvitgehospital.cat\/aulaela\/wp-content\/uploads\/sites\/2\/2018\/08\/Recomanacions-estiu-bloc-aula-ELA_180724_10-300x200.jpg 300w, http:\/\/blogs.bellvitgehospital.cat\/aulaela\/wp-content\/uploads\/sites\/2\/2018\/08\/Recomanacions-estiu-bloc-aula-ELA_180724_10-768x511.jpg 768w, http:\/\/blogs.bellvitgehospital.cat\/aulaela\/wp-content\/uploads\/sites\/2\/2018\/08\/Recomanacions-estiu-bloc-aula-ELA_180724_10.jpg 1024w\" sizes=\"(max-width: 300px) 100vw, 300px\" \/><br \/>\nAhora que llega el verano y queremos desconectar de la rutina, reponer energ\u00edas &#8230; creo que tambi\u00e9n es un buen momento para romper con los patrones mentales habituales negativos y volver de las vacaciones, no s\u00f3lo m\u00e1s relajados, sino renovados. As\u00ed que os recomiendo un libro que seguramente muchos ya conocer\u00e9is, &#8220;<strong>El poder del ahora&#8221;<\/strong>, de Eckhart Tolle. Es una invitaci\u00f3n a la reflexi\u00f3n y ver la vida con ojos nuevos. Porque vivir en el pasado s\u00f3lo lleva estados de \u00e1nimo depresivos y vivir en el futuro nos provoca ansiedad. El presente es el \u00fanico instante que existe.<\/p>\n<p>Tambi\u00e9n os recomiendo la canci\u00f3n Mercedes Sosa <strong>&#8220;Cambia todo cambia&#8221;<\/strong>. Vivir es equivocarse, aprender, evolucionar, crecer, sin miedo y sin aferrarse a nada.<\/p>\n<p><iframe loading=\"lazy\" width=\"640\" height=\"360\" src=\"https:\/\/www.youtube.com\/embed\/0khKL3tTOTs?feature=oembed\" frameborder=\"0\" allow=\"autoplay; encrypted-media\" allowfullscreen><\/iframe><\/p>\n<p>&nbsp;<\/p>\n<p><strong>Ainhoa \u200b\u200bTejado y Bego\u00f1a Andr\u00e9s<\/strong><\/p>\n<p>Hola, soy Ainhoa y os parece, os propongo un par de can\u00e7iones para este verano:<\/p>\n<p><strong>&#8220;Sonr\u00ede&#8221;<\/strong>, de Rosana<\/p>\n<p><iframe loading=\"lazy\" width=\"640\" height=\"360\" src=\"https:\/\/www.youtube.com\/embed\/e1d-R27o5s4?feature=oembed\" frameborder=\"0\" allow=\"autoplay; encrypted-media\" allowfullscreen><\/iframe><\/p>\n<p>y <strong>&#8220;Hoy Puede ser un gran d\u00eda&#8221;<\/strong>, de Joan Manuel Serrat.<\/p>\n<p><iframe loading=\"lazy\" width=\"640\" height=\"480\" src=\"https:\/\/www.youtube.com\/embed\/0T1blhMd6iA?feature=oembed\" frameborder=\"0\" allow=\"autoplay; encrypted-media\" allowfullscreen><\/iframe><\/p>\n<p>Son dos canciones de letra alegre que invitan a seguir luchando sin pensar en el ma\u00f1ana y viviendo el presente como si fuera el \u00faltimo d\u00eda.<\/p>\n<p>Hola, soy Bego\u00f1a y os dejo tres propuestas de verano:<\/p>\n<p>un libro: <strong>&#8220;El canto del p\u00e1jaro&#8221;<\/strong>, de Anthony de Mello (Editorial Sal Terrae)<\/p>\n<p>Editado en 1982, este peque\u00f1o libro est\u00e1 cargado de historias, cuentos y relatos diferentes, a trav\u00e9s de los cuales el lector podr\u00e1 lanzarse a la reflexi\u00f3n, ver el parad\u00f3jico de las cosas y sacar sus propias conclusiones. Dentro del mismo, podemos ver que hay diferentes formas de leerlo, cada uno que elija su, aunque nunca est\u00e1 de m\u00e1s seguir las recomendaciones propuestas. El autor es un sacerdote jesuita que, gracias a su marcha por el mundo, se dio la oportunidad de entenderlo desde otras perspectivas y otras culturas. Gracias a ello, el lector se encontrar\u00e1 ante un sinf\u00edn de situaciones con las que menos, se ver\u00e1 obligado a pensar. Es un libro para leer sin prisas y aprender con su sabidur\u00eda.<\/p>\n<p>una pel\u00edcula: <strong>&#8220;The Straight Story&#8221;, Una historia verdadera<\/strong>, de David Lynch<\/p>\n<p><iframe loading=\"lazy\" width=\"640\" height=\"480\" src=\"https:\/\/www.youtube.com\/embed\/XVUoVTbfJj8?feature=oembed\" frameborder=\"0\" allow=\"autoplay; encrypted-media\" allowfullscreen><\/iframe><\/p>\n<p>Este film aut\u00e9ntico y conmovedor, estrenado en 1999, narra la historia de Alvin, un anciano de Iowa que, tras m\u00e1s de una d\u00e9cada sin saber de su hermano, recibe la noticia de que este ha sufrido un infarto. As\u00ed, este personaje, acompa\u00f1ado de su tractor y de todos los achaques propios del paso de los a\u00f1os, decide viajar hasta Wisconsin para reencontrarse con \u00e9l. Esta pel\u00edcula nos pone frente la capacidad que el ser humano tiene que superar obst\u00e1culos. Muestra el poder, a veces sanador, de los encuentros con la familia, de la oportunidad de dar y recibir perd\u00f3n, pero sobre todo nos ense\u00f1a como los motivos, por sencillos que parezcan, pueden convertirse en escenas y momentos irrepetibles. Una banda sonora majestuosa.<\/p>\n<p>y una canci\u00f3n: <strong>&#8220;M\u00e1s alto que nosotros, s\u00f3lo el cielo&#8221;<\/strong>, de Bunbury.<\/p>\n<p><iframe loading=\"lazy\" width=\"640\" height=\"360\" src=\"https:\/\/www.youtube.com\/embed\/9nUQhsNJNRI?feature=oembed\" frameborder=\"0\" allow=\"autoplay; encrypted-media\" allowfullscreen><\/iframe><\/p>\n<p>Esta canci\u00f3n la podemos encontrar en Palosanto (2013), el pen\u00faltimo disco de Bunbury. Su letra podr\u00eda estar sujeta a m\u00faltiples interpretaciones pero es innegable reconocer que entre esta vor\u00e1gine de quehaceres diarios, muchos de ellos autoimpuestos, de repente nos podemos encontrar ante un STOP que nos da la opci\u00f3n de mirar tambi\u00e9n hacia arriba y, comparando con lo que tenemos en nuestro punto de mira, darnos cuenta que nunca es tarde para el cambio, para la aceptaci\u00f3n, por aferrarse a la vida y estar dispuestos a extender una mano, recuperar nuestros sue\u00f1os, unirnos y mirar hacia adelante desde otro prisma.<\/p>\n<p>\u00a1Un feliz verano para todos!<\/p>\n<p>&nbsp;<\/p>\n<p>&nbsp;<\/p>\n<div class=\"sharedaddy sd-sharing-enabled\"><div class=\"robots-nocontent sd-block sd-social sd-social-icon sd-sharing\"><h3 class=\"sd-title\">Comparteix aix\u00f2:<\/h3><div class=\"sd-content\"><ul><li class=\"share-facebook\"><a rel=\"nofollow\" data-shared=\"sharing-facebook-1816\" class=\"share-facebook sd-button share-icon no-text\" href=\"http:\/\/blogs.bellvitgehospital.cat\/aulaela\/recomendaciones-de-verano-libros-musica-y-cine\/?share=facebook\" target=\"_blank\" title=\"Comparteix al Facebook\"><span><\/span><span class=\"sharing-screen-reader-text\">Comparteix al Facebook (Opens in new window)<\/span><\/a><\/li><li class=\"share-twitter\"><a rel=\"nofollow\" data-shared=\"sharing-twitter-1816\" class=\"share-twitter sd-button share-icon no-text\" href=\"http:\/\/blogs.bellvitgehospital.cat\/aulaela\/recomendaciones-de-verano-libros-musica-y-cine\/?share=twitter\" target=\"_blank\" title=\"Feu clic per compartir al Twitter\"><span><\/span><span class=\"sharing-screen-reader-text\">Feu clic per compartir al Twitter (Opens in new window)<\/span><\/a><\/li><li class=\"share-google-plus-1\"><a rel=\"nofollow\" data-shared=\"sharing-google-1816\" class=\"share-google-plus-1 sd-button share-icon no-text\" href=\"http:\/\/blogs.bellvitgehospital.cat\/aulaela\/recomendaciones-de-verano-libros-musica-y-cine\/?share=google-plus-1\" target=\"_blank\" title=\"Feu clic per compartir a Google+\"><span><\/span><span class=\"sharing-screen-reader-text\">Feu clic per compartir a Google+ (Opens in new window)<\/span><\/a><\/li><li class=\"share-email\"><a rel=\"nofollow\" data-shared=\"\" class=\"share-email sd-button share-icon no-text\" href=\"http:\/\/blogs.bellvitgehospital.cat\/aulaela\/recomendaciones-de-verano-libros-musica-y-cine\/?share=email\" target=\"_blank\" title=\"Feu clic per enviar un correu electr\u00f2nic a un amic\"><span><\/span><span class=\"sharing-screen-reader-text\">Feu clic per enviar un correu electr\u00f2nic a un amic (Opens in new window)<\/span><\/a><\/li><li class=\"share-print\"><a rel=\"nofollow\" data-shared=\"\" class=\"share-print sd-button share-icon no-text\" href=\"http:\/\/blogs.bellvitgehospital.cat\/aulaela\/recomendaciones-de-verano-libros-musica-y-cine\/\" target=\"_blank\" title=\"Feu clic per imprimir\"><span><\/span><span class=\"sharing-screen-reader-text\">Feu clic per imprimir (Opens in new window)<\/span><\/a><\/li><li class=\"share-end\"><\/li><\/ul><\/div><\/div><\/div>","protected":false},"excerpt":{"rendered":"<p>Dicen que el escritor Henry James quiz\u00e1s escribi\u00f3 un d\u00eda la siguiente frase: Tarde de verano, para m\u00ed estas han sido siempre las dos palabras (en realidad son tres) m\u00e1s bellas en mi lengua. No cuesta nada compartir esta m\u00e1xima &hellip; <a href=\"http:\/\/blogs.bellvitgehospital.cat\/aulaela\/recomendaciones-de-verano-libros-musica-y-cine\/\">Continua llegint <span class=\"meta-nav\">&rarr;<\/span><\/a><\/p>\n<div class=\"sharedaddy sd-sharing-enabled\"><div class=\"robots-nocontent sd-block sd-social sd-social-icon sd-sharing\"><h3 class=\"sd-title\">Comparteix aix\u00f2:<\/h3><div class=\"sd-content\"><ul><li class=\"share-facebook\"><a rel=\"nofollow\" data-shared=\"sharing-facebook-1816\" class=\"share-facebook sd-button share-icon no-text\" href=\"http:\/\/blogs.bellvitgehospital.cat\/aulaela\/recomendaciones-de-verano-libros-musica-y-cine\/?share=facebook\" target=\"_blank\" title=\"Comparteix al Facebook\"><span><\/span><span class=\"sharing-screen-reader-text\">Comparteix al Facebook (Opens in new window)<\/span><\/a><\/li><li class=\"share-twitter\"><a rel=\"nofollow\" data-shared=\"sharing-twitter-1816\" class=\"share-twitter sd-button share-icon no-text\" href=\"http:\/\/blogs.bellvitgehospital.cat\/aulaela\/recomendaciones-de-verano-libros-musica-y-cine\/?share=twitter\" target=\"_blank\" title=\"Feu clic per compartir al Twitter\"><span><\/span><span class=\"sharing-screen-reader-text\">Feu clic per compartir al Twitter (Opens in new window)<\/span><\/a><\/li><li class=\"share-google-plus-1\"><a rel=\"nofollow\" data-shared=\"sharing-google-1816\" class=\"share-google-plus-1 sd-button share-icon no-text\" href=\"http:\/\/blogs.bellvitgehospital.cat\/aulaela\/recomendaciones-de-verano-libros-musica-y-cine\/?share=google-plus-1\" target=\"_blank\" title=\"Feu clic per compartir a Google+\"><span><\/span><span class=\"sharing-screen-reader-text\">Feu clic per compartir a Google+ (Opens in new window)<\/span><\/a><\/li><li class=\"share-email\"><a rel=\"nofollow\" data-shared=\"\" class=\"share-email sd-button share-icon no-text\" href=\"http:\/\/blogs.bellvitgehospital.cat\/aulaela\/recomendaciones-de-verano-libros-musica-y-cine\/?share=email\" target=\"_blank\" title=\"Feu clic per enviar un correu electr\u00f2nic a un amic\"><span><\/span><span class=\"sharing-screen-reader-text\">Feu clic per enviar un correu electr\u00f2nic a un amic (Opens in new window)<\/span><\/a><\/li><li class=\"share-print\"><a rel=\"nofollow\" data-shared=\"\" class=\"share-print sd-button share-icon no-text\" href=\"http:\/\/blogs.bellvitgehospital.cat\/aulaela\/recomendaciones-de-verano-libros-musica-y-cine\/\" target=\"_blank\" title=\"Feu clic per imprimir\"><span><\/span><span class=\"sharing-screen-reader-text\">Feu clic per imprimir (Opens in new window)<\/span><\/a><\/li><li class=\"share-end\"><\/li><\/ul><\/div><\/div><\/div>","protected":false},"author":10,"featured_media":0,"comment_status":"closed","ping_status":"open","sticky":false,"template":"","format":"standard","meta":[],"categories":[1],"tags":[386,387,388,389,390,391,392,393,394],"_links":{"self":[{"href":"http:\/\/blogs.bellvitgehospital.cat\/aulaela\/wp-json\/wp\/v2\/posts\/1816"}],"collection":[{"href":"http:\/\/blogs.bellvitgehospital.cat\/aulaela\/wp-json\/wp\/v2\/posts"}],"about":[{"href":"http:\/\/blogs.bellvitgehospital.cat\/aulaela\/wp-json\/wp\/v2\/types\/post"}],"author":[{"embeddable":true,"href":"http:\/\/blogs.bellvitgehospital.cat\/aulaela\/wp-json\/wp\/v2\/users\/10"}],"replies":[{"embeddable":true,"href":"http:\/\/blogs.bellvitgehospital.cat\/aulaela\/wp-json\/wp\/v2\/comments?post=1816"}],"version-history":[{"count":4,"href":"http:\/\/blogs.bellvitgehospital.cat\/aulaela\/wp-json\/wp\/v2\/posts\/1816\/revisions"}],"predecessor-version":[{"id":1823,"href":"http:\/\/blogs.bellvitgehospital.cat\/aulaela\/wp-json\/wp\/v2\/posts\/1816\/revisions\/1823"}],"wp:attachment":[{"href":"http:\/\/blogs.bellvitgehospital.cat\/aulaela\/wp-json\/wp\/v2\/media?parent=1816"}],"wp:term":[{"taxonomy":"category","embeddable":true,"href":"http:\/\/blogs.bellvitgehospital.cat\/aulaela\/wp-json\/wp\/v2\/categories?post=1816"},{"taxonomy":"post_tag","embeddable":true,"href":"http:\/\/blogs.bellvitgehospital.cat\/aulaela\/wp-json\/wp\/v2\/tags?post=1816"}],"curies":[{"name":"wp","href":"https:\/\/api.w.org\/{rel}","templated":true}]}}